{"id":533,"date":"2025-11-02T09:57:33","date_gmt":"2025-11-02T08:57:33","guid":{"rendered":"https:\/\/giorgiafantinuoli.com\/blog\/?p=533"},"modified":"2025-11-02T11:56:43","modified_gmt":"2025-11-02T10:56:43","slug":"paura-della-morte-o-paura-di-morire-nella-mente-degli-altri-coco-di-pixar-e-il-dia-de-muertos-2","status":"publish","type":"post","link":"https:\/\/giorgiafantinuoli.com\/blog\/paura-della-morte-o-paura-di-morire-nella-mente-degli-altri-coco-di-pixar-e-il-dia-de-muertos-2\/","title":{"rendered":"Paura della morte o paura di morire nella mente degli altri? \u2013 Coco di Pixar e il D\u00eda de Muertos"},"content":{"rendered":"\n<p><\/p>\n\n\n\n<p class=\"has-drop-cap has-small-font-size\">L\u2019altra sera ho rivisto il film d\u2019animazione \ud835\udc36\ud835\udc5c\ud835\udc50\ud835\udc5c della Pixar e ho fatto una riflessione che mi piacerebbe condividere, dato che siamo a novembre, esattamente il 2 mentre scrivo \u2013 il Giorno dei Morti \u2013 e l\u2019argomento \u00e8 a tema.<\/p>\n\n\n\n<p>La storia, ambientata in Messico, \u00e8 incentrata sull\u2019importanza di essere ricordati dai propri cari quando si \u00e8 morti. In occasione del \ud835\udc37\u00ed\ud835\udc4e \ud835\udc51\ud835\udc52 \ud835\udc40\ud835\udc62\ud835\udc52\ud835\udc5f\ud835\udc61\ud835\udc5c\ud835\udc60, il nostro 2 novembre, giorno in cui vengono celebrati i defunti, i vivi possono ricongiungersi con i propri antenati. Questi ultimi devono attraversare un confine, una specie di dogana, che permetter\u00e0 loro di transitare dal regno dei morti al regno dei vivi. Ma\u2026 perch\u00e9 ci\u00f2 avvenga i defunti devono trovarsi nell\u2019 \u201celenco&#8221; di quelli ricordati. \u00c8 necessario cio\u00e8 che almeno uno dei propri cari ne tenga viva la memoria, mettendo la foto, come da usanza, sull&#8217;altare di casa. Se il defunto non risulta nell&#8217;elenco viene rispedito indietro e il destino che lo aspetta \u00e8 terribile: scomparire per sempre dalla faccia dell&#8217;aldil\u00e0. Per questo la missione del dodicenne Miguel sar\u00e0 quella di tenere vivo il ricordo del padre nella memoria della bisnonna Coco, ormai prossima alla morte. Pena la sua scomparsa definitiva.<\/p>\n\n\n\n<p>Una fine triste per chi non \u00e8 nei pensieri di nessuno, no? Ecco perch\u00e9 \u00e8 cos\u00ec importante (vitale!) essere presenti nella mente di qualcuno, e non solo quando siamo nell\u2019aldil\u00e0, come racconta Coco, ma gi\u00e0 qui, durante la nostra esistenza.<\/p>\n\n\n\n<p><strong>Il film mi ha ricordato cio\u00e8 che una delle paure pi\u00f9 grandi che abbiano \u00e8 quella di non essere nella mente degli altri. Che poi altro non \u00e8 che la laura della solitudine e del vuoto d&#8217;amore.<\/strong><\/p>\n\n\n\n<p>Affermava infatti Winnicott che il <strong>senso di s\u00e9<\/strong>, il <strong>come io sono<\/strong>, dipende:<\/p>\n\n\n\n<p><em>\u00abdal sentire che si \u00e8 visto e che si esiste nella mente dell&#8217;altro \u2013  dal sapere, cio\u00e8, che si \u00e8 stati riconosciuti come un essere\u00bb<\/em><\/p>\n\n\n\n<p><br>Non si spiegherebbe altrimenti il successo dei social, il tempo che impieghiamo a condividere, a fare presente agli amici cosa stiamo facendo e l&#8217; importanza che diamo ai like, alle \u201cvisualizzazioni\u201d \u2013 appunto. Come testimonianza preziosa che siamo custoditi nella mente dell&#8217;altro.<\/p>\n\n\n\n<p>Un\u2019esigenza antica, primaria, che sembra precederci e andare oltre la nostra esistenza su questa terra. E il film lo fa vedere bene: desideriamo che qualcosa di noi sopravviva anche dopo la morte, nella forma di un figlio, di un libro che abbiamo scritto, di una musica che abbiamo composto. Come se desiderassimo esistere nella mente degli altri, per l&#8217;eternit\u00e0. Allora mi sono chiesta:<\/p>\n\n\n\n<p><strong>E se a farci cos\u00ec paura non fosse tanto la paura di morire inteso come paura di scomparire nel mondo, ma piuttosto la paura di scomparire dalla mente degli altri? <\/strong><\/p>\n\n\n\n<p>Questo pensiero cambia un po&#8217; la prospettiva, forse anche il fine, il senso che diamo alla nostra vita. Per cosa esistiamo cio\u00e8, se non per rendere reale e viva questa presenza, se non per il bene che possiamo dare e che possiamo ricevere? E se \u00e8 cos\u00ec, constatare questo, come cambia il nostro agire nel mondo?<\/p>\n\n\n\n<p>\ud83c\udfac Coco, Disney Pixar, 2017<\/p>\n","protected":false},"excerpt":{"rendered":"<p>L\u2019altra sera ho rivisto il film d\u2019animazione \ud835\udc36\ud835\udc5c\ud835\udc50\ud835\udc5c della Pixar e ho fatto una riflessione che mi piacerebbe condividere, dato che siamo a novembre, esattamente il 2 mentre scrivo \u2013 il Giorno dei Morti \u2013 e l\u2019argomento \u00e8 a tema. La storia, ambientata in Messico, \u00e8 incentrata sull\u2019importanza di essere ricordati dai propri cari quando&hellip; <\/p>\n<div class=\"readmore-wrapper\"><a href=\"https:\/\/giorgiafantinuoli.com\/blog\/paura-della-morte-o-paura-di-morire-nella-mente-degli-altri-coco-di-pixar-e-il-dia-de-muertos-2\/\" class=\"more-link\">Read <\/a><\/div>\n","protected":false},"author":1,"featured_media":538,"comment_status":"open","ping_status":"open","sticky":true,"template":"","format":"standard","meta":[],"categories":[125,12],"tags":[8,145,30,146,143,144,22],"_links":{"self":[{"href":"https:\/\/giorgiafantinuoli.com\/blog\/wp-json\/wp\/v2\/posts\/533"}],"collection":[{"href":"https:\/\/giorgiafantinuoli.com\/blog\/wp-json\/wp\/v2\/posts"}],"about":[{"href":"https:\/\/giorgiafantinuoli.com\/blog\/wp-json\/wp\/v2\/types\/post"}],"author":[{"embeddable":true,"href":"https:\/\/giorgiafantinuoli.com\/blog\/wp-json\/wp\/v2\/users\/1"}],"replies":[{"embeddable":true,"href":"https:\/\/giorgiafantinuoli.com\/blog\/wp-json\/wp\/v2\/comments?post=533"}],"version-history":[{"count":8,"href":"https:\/\/giorgiafantinuoli.com\/blog\/wp-json\/wp\/v2\/posts\/533\/revisions"}],"predecessor-version":[{"id":543,"href":"https:\/\/giorgiafantinuoli.com\/blog\/wp-json\/wp\/v2\/posts\/533\/revisions\/543"}],"wp:featuredmedia":[{"embeddable":true,"href":"https:\/\/giorgiafantinuoli.com\/blog\/wp-json\/wp\/v2\/media\/538"}],"wp:attachment":[{"href":"https:\/\/giorgiafantinuoli.com\/blog\/wp-json\/wp\/v2\/media?parent=533"}],"wp:term":[{"taxonomy":"category","embeddable":true,"href":"https:\/\/giorgiafantinuoli.com\/blog\/wp-json\/wp\/v2\/categories?post=533"},{"taxonomy":"post_tag","embeddable":true,"href":"https:\/\/giorgiafantinuoli.com\/blog\/wp-json\/wp\/v2\/tags?post=533"}],"curies":[{"name":"wp","href":"https:\/\/api.w.org\/{rel}","templated":true}]}}